{"id":425,"date":"2019-09-30T08:00:50","date_gmt":"2019-09-30T07:00:50","guid":{"rendered":"https:\/\/www.lenstore.de\/augenpflege\/?p=425"},"modified":"2023-05-19T12:00:51","modified_gmt":"2023-05-19T11:00:51","slug":"grauer-star-katarakt-was-ist-das","status":"publish","type":"post","link":"https:\/\/www.lenstore.de\/augenpflege\/grauer-star-katarakt-was-ist-das\/","title":{"rendered":"Grauer Star (Katarakt) &#8211; Was ist das?"},"content":{"rendered":"\n<h3 class=\"wp-block-heading\">Was ist der Graue Star?<\/h3>\n\n\n\n<p class=\"has-drop-cap\">Der\nKatarakt \u2013 oder umgangssprachlich der graue Star genannt \u2013 ist eine Augenerkrankung,\nbei der sich durch eine Tr\u00fcbung der Linsen die Sehkraft der Augen\nverschlechtert. Bei Menschen mit Katarakt kann man eine graue Tr\u00fcbung, abh\u00e4ngig\nwie weit fortgeschritten die Krankheit ist, auf den Linsen oder nur einer Linse\nerkennen. Deshalb spricht man auch vom grauen Star. Diese Krankheit ist in der\nRegel altersbedingt und betrifft Personen \u00fcber einem Alter von 60 Jahren. <\/p>\n\n\n\n<figure class=\"wp-block-image alignwide\"><img loading=\"lazy\" decoding=\"async\" width=\"654\" height=\"300\" src=\"https:\/\/www.lenstore.de\/augenpflege\/wp-content\/uploads\/2019\/09\/654x300-blog-image-Old-People-Sports-7.jpg\" alt=\"\" class=\"wp-image-426\" srcset=\"https:\/\/www.lenstore.de\/augenpflege\/wp-content\/uploads\/2019\/09\/654x300-blog-image-Old-People-Sports-7.jpg 654w, https:\/\/www.lenstore.de\/augenpflege\/wp-content\/uploads\/2019\/09\/654x300-blog-image-Old-People-Sports-7-300x138.jpg 300w\" sizes=\"auto, (max-width: 654px) 100vw, 654px\" \/><\/figure>\n\n\n\n<h3 class=\"wp-block-heading\">Ursachen<\/h3>\n\n\n\n<p>Man ist\nsich uneinig, wenn es um die Ursache vom grauen Star geht. Trotz unz\u00e4hligen\nStudien und Untersuchungen konnte noch nicht klar festgestellt werden, was den\nKatarakt verursacht. Es k\u00f6nnen jedoch verschiedenen Faktoren zur Tr\u00fcbung der\nLinse beitragen:<\/p>\n\n\n\n<ul class=\"wp-block-list\">\n<li>Alter<\/li>\n\n\n\n<li>Medikamente (z.B. Kortison) <\/li>\n\n\n\n<li>Augenverletzungen <\/li>\n\n\n\n<li>Augenentz\u00fcndungen <\/li>\n\n\n\n<li>Rauchen <\/li>\n\n\n\n<li>Erkrankungen (z.B. Diabetes) <\/li>\n\n\n\n<li>N\u00e4hrstoffmangel<\/li>\n\n\n\n<li>Genetische Faktoren<\/li>\n\n\n\n<li>UV-Strahlen<\/li>\n\n\n\n<li>Starke Kurzsichtigkeit<\/li>\n<\/ul>\n\n\n\n<p><\/p>\n\n\n\n<figure class=\"wp-block-image alignwide\"><img loading=\"lazy\" decoding=\"async\" width=\"654\" height=\"300\" src=\"https:\/\/www.lenstore.de\/augenpflege\/wp-content\/uploads\/2019\/09\/654x300-blog-image-Old-People-Sports-2.jpg\" alt=\"\" class=\"wp-image-427\" srcset=\"https:\/\/www.lenstore.de\/augenpflege\/wp-content\/uploads\/2019\/09\/654x300-blog-image-Old-People-Sports-2.jpg 654w, https:\/\/www.lenstore.de\/augenpflege\/wp-content\/uploads\/2019\/09\/654x300-blog-image-Old-People-Sports-2-300x138.jpg 300w\" sizes=\"auto, (max-width: 654px) 100vw, 654px\" \/><\/figure>\n\n\n\n<h3 class=\"wp-block-heading\">Symptome<\/h3>\n\n\n\n<p>Das\nVerschlechtern der Sehkraft erfolgt sehr langsam und schmerzlos und wird meist\nnicht sofort erkannt, sondern zieht sich \u00fcber mehrere Jahre hin. Die Sicht von\nBetroffenen ist meistens tr\u00fcb \u2013 sie sehen wie durch einen Schleier. Typische\nSymptome sind:<\/p>\n\n\n\n<ul class=\"wp-block-list\">\n<li>Verschwommene Sicht <\/li>\n\n\n\n<li>Hohe Blendeempfindlichkeit<\/li>\n\n\n\n<li>Erschwerte hell-dunkel Anpassung<\/li>\n\n\n\n<li>Vermindertes Sehverm\u00f6gen im Dunkeln<\/li>\n\n\n\n<li>Wahrnehmung von Halos <\/li>\n\n\n\n<li>Einschr\u00e4nkung der Sehkraft (vor allem in der N\u00e4he) <\/li>\n<\/ul>\n\n\n\n<p><\/p>\n\n\n\n<figure class=\"wp-block-image alignwide\"><img loading=\"lazy\" decoding=\"async\" width=\"654\" height=\"300\" src=\"https:\/\/www.lenstore.de\/augenpflege\/wp-content\/uploads\/2019\/09\/654x300-blog-image-Old-People-Sports.jpg\" alt=\"\" class=\"wp-image-440\" srcset=\"https:\/\/www.lenstore.de\/augenpflege\/wp-content\/uploads\/2019\/09\/654x300-blog-image-Old-People-Sports.jpg 654w, https:\/\/www.lenstore.de\/augenpflege\/wp-content\/uploads\/2019\/09\/654x300-blog-image-Old-People-Sports-300x138.jpg 300w\" sizes=\"auto, (max-width: 654px) 100vw, 654px\" \/><\/figure>\n\n\n\n<p>Durch\nden Katarakt wird der Alltag der Betroffenen stark eingeschr\u00e4nkt. Vor allem das\nLesen und das Autofahren bei Dunkelheit bereitet ihnen Schwierigkeiten. <\/p>\n\n\n\n<h3 class=\"wp-block-heading\">Behandlung<\/h3>\n\n\n\n<figure class=\"wp-block-image alignwide\"><img loading=\"lazy\" decoding=\"async\" width=\"654\" height=\"300\" src=\"https:\/\/www.lenstore.de\/augenpflege\/wp-content\/uploads\/2019\/09\/654x300-blog-image-Old-People-Sports-12.jpg\" alt=\"\" class=\"wp-image-428\" srcset=\"https:\/\/www.lenstore.de\/augenpflege\/wp-content\/uploads\/2019\/09\/654x300-blog-image-Old-People-Sports-12.jpg 654w, https:\/\/www.lenstore.de\/augenpflege\/wp-content\/uploads\/2019\/09\/654x300-blog-image-Old-People-Sports-12-300x138.jpg 300w\" sizes=\"auto, (max-width: 654px) 100vw, 654px\" \/><\/figure>\n\n\n\n<p>Gl\u00fccklicherweise kann der graue Star sehr gut durch eine Operation behandelt werden. Die Katarakt-Operation geh\u00f6rt zu den Standardoperationen in Deutschland und wird rund 800 000 Mal im Jahr durchgef\u00fchrt. Bei der Operation wird die getr\u00fcbte Linse durch eine neue, k\u00fcnstliche Linse ersetzt. Dabei wird ein kleiner Schnitt in die Hornhaut gemacht, wodurch die Linse entfernt und die k\u00fcnstliche implantiert werden kann. Die Operation wird normalerweise ambulant durchgef\u00fchrt und dauert nur ungef\u00e4hr 20-30 Minuten. Man wird w\u00e4hrend der Operation nicht unter Narkose gesetzt, sondern durch Augentropfen lokal bet\u00e4ubt. Je nachdem, ob man alterssichtig ist oder eine Hornhautverkr\u00fcmmung hat, kann aus <a href=\"https:\/\/www.lenstore.de\/b\/kontaktlinsen\">drei Linsentypen<\/a> ausgew\u00e4hlt werden:<\/p>\n\n\n\n<ul class=\"wp-block-list\">\n<li><strong>Monofokallinse:<\/strong><br> Mit der Monofokallinse kann der graue Star behoben werden und nur ein einziger Sehbereich korrigiert werden. Wer in mehreren Sehbereichen schlecht sieht und sich f\u00fcr eine Monofokallinse entscheidet, wird zus\u00e4tzlich noch eine Brille ben\u00f6tigen, um den Bereich zu korrigieren, der nicht durch das Implantat korrigiert wird. W\u00e4hlt man die Korrektur in der Ferne, braucht man zus\u00e4tzlich noch eine Lesebrille, um den unscharfen Bereich zu korrigieren. <\/li>\n<\/ul>\n\n\n\n<ul class=\"wp-block-list\">\n<li><strong>Multifokallinse:<\/strong><br><a href=\"https:\/\/www.lenstore.de\/c\/multifokale-kontaktlinsen\">Die Multifokallinse<\/a> korrigiert neben dem Katarakt Unsch\u00e4rfen auf alle Entfernungen: Nah-, Zwischen- und Fernbereich. Das hei\u00dft, es wird keine zus\u00e4tzliche Brille mehr ben\u00f6tigt und der Patient kann ein brillenfreies Leben genie\u00dfen. Es k\u00f6nnte trotzdem die M\u00f6glichkeit bestehen, dass manche Sehbereiche unscharf bleiben. Au\u00dferdem sieht man mit dieser Linse weniger Kontraste. &nbsp;<\/li>\n<\/ul>\n\n\n\n<ul class=\"wp-block-list\">\n<li><strong>Torische Linse:<\/strong> <br><a href=\"https:\/\/www.lenstore.de\/c\/monatslinsen\">Die torische Linse<\/a> wird bei all denjenigen eingesetzt, bei denen eine Hornhautverkr\u00fcmmung verbessert werden muss. <\/li>\n<\/ul>\n","protected":false},"excerpt":{"rendered":"<p>Ursachen, Symptome und wie der Grauer Star behandelt werden kann, erkl\u00e4ren wir Ihnen hier. <\/p>\n","protected":false},"author":3,"featured_media":426,"comment_status":"closed","ping_status":"closed","sticky":false,"template":"","format":"standard","meta":{"footnotes":""},"categories":[1,22],"tags":[],"class_list":["post-425","post","type-post","status-publish","format-standard","has-post-thumbnail","hentry","category-health","category-fehlsichtigkeiten-augenerkrankungen"],"yoast_head":"<!-- This site is optimized with the Yoast SEO plugin v27.1.1 - https:\/\/yoast.com\/product\/yoast-seo-wordpress\/ -->\n<title>Grauer Star (Katarakt) - Was ist das? - Lenstore<\/title>\n<meta name=\"robots\" content=\"index, follow, max-snippet:-1, max-image-preview:large, max-video-preview:-1\" \/>\n<link rel=\"canonical\" href=\"https:\/\/www.lenstore.de\/augenpflege\/grauer-star-katarakt-was-ist-das\/\" \/>\n<meta property=\"og:locale\" content=\"de_DE\" \/>\n<meta property=\"og:type\" content=\"article\" \/>\n<meta property=\"og:title\" content=\"Grauer Star (Katarakt) - Was ist das? - Lenstore\" \/>\n<meta property=\"og:description\" content=\"Ursachen, Symptome und wie der Grauer Star behandelt werden kann, erkl\u00e4ren wir Ihnen hier.\" \/>\n<meta property=\"og:url\" content=\"https:\/\/www.lenstore.de\/augenpflege\/grauer-star-katarakt-was-ist-das\/\" \/>\n<meta property=\"og:site_name\" content=\"Lenstore\" \/>\n<meta property=\"article:published_time\" content=\"2019-09-30T07:00:50+00:00\" \/>\n<meta property=\"article:modified_time\" content=\"2023-05-19T11:00:51+00:00\" \/>\n<meta property=\"og:image\" content=\"https:\/\/www.lenstore.de\/augenpflege\/wp-content\/uploads\/2019\/09\/654x300-blog-image-Old-People-Sports-7.jpg\" \/>\n\t<meta property=\"og:image:width\" content=\"654\" \/>\n\t<meta property=\"og:image:height\" content=\"300\" \/>\n\t<meta property=\"og:image:type\" content=\"image\/jpeg\" \/>\n<meta name=\"author\" content=\"Selina Pfitscher\" \/>\n<meta name=\"twitter:card\" content=\"summary_large_image\" \/>\n<meta name=\"twitter:creator\" content=\"@lenstorede\" \/>\n<meta name=\"twitter:site\" content=\"@lenstorede\" \/>\n<meta name=\"twitter:label1\" content=\"Geschrieben von\" \/>\n\t<meta name=\"twitter:data1\" content=\"Selina Pfitscher\" \/>\n\t<meta name=\"twitter:label2\" content=\"Gesch\u00e4tzte Lesezeit\" \/>\n\t<meta name=\"twitter:data2\" content=\"2\u00a0Minuten\" \/>\n<script type=\"application\/ld+json\" class=\"yoast-schema-graph\">{\"@context\":\"https:\/\/schema.org\",\"@graph\":[{\"@type\":\"Article\",\"@id\":\"https:\/\/www.lenstore.de\/augenpflege\/grauer-star-katarakt-was-ist-das\/#article\",\"isPartOf\":{\"@id\":\"https:\/\/www.lenstore.de\/augenpflege\/grauer-star-katarakt-was-ist-das\/\"},\"author\":{\"name\":\"Selina Pfitscher\",\"@id\":\"https:\/\/www.lenstore.de\/augenpflege\/#\/schema\/person\/312b0a1dffc0868167fd5d55d3682a02\"},\"headline\":\"Grauer Star (Katarakt) &#8211; Was ist das?\",\"datePublished\":\"2019-09-30T07:00:50+00:00\",\"dateModified\":\"2023-05-19T11:00:51+00:00\",\"mainEntityOfPage\":{\"@id\":\"https:\/\/www.lenstore.de\/augenpflege\/grauer-star-katarakt-was-ist-das\/\"},\"wordCount\":498,\"publisher\":{\"@id\":\"https:\/\/www.lenstore.de\/augenpflege\/#organization\"},\"image\":{\"@id\":\"https:\/\/www.lenstore.de\/augenpflege\/grauer-star-katarakt-was-ist-das\/#primaryimage\"},\"thumbnailUrl\":\"https:\/\/www.lenstore.de\/augenpflege\/wp-content\/uploads\/2019\/09\/654x300-blog-image-Old-People-Sports-7.jpg\",\"articleSection\":[\"Augengesundheit\",\"Fehlsichtigkeiten &amp; Augenerkrankungen\"],\"inLanguage\":\"de\"},{\"@type\":\"WebPage\",\"@id\":\"https:\/\/www.lenstore.de\/augenpflege\/grauer-star-katarakt-was-ist-das\/\",\"url\":\"https:\/\/www.lenstore.de\/augenpflege\/grauer-star-katarakt-was-ist-das\/\",\"name\":\"Grauer Star (Katarakt) - Was ist das? - Lenstore\",\"isPartOf\":{\"@id\":\"https:\/\/www.lenstore.de\/augenpflege\/#website\"},\"primaryImageOfPage\":{\"@id\":\"https:\/\/www.lenstore.de\/augenpflege\/grauer-star-katarakt-was-ist-das\/#primaryimage\"},\"image\":{\"@id\":\"https:\/\/www.lenstore.de\/augenpflege\/grauer-star-katarakt-was-ist-das\/#primaryimage\"},\"thumbnailUrl\":\"https:\/\/www.lenstore.de\/augenpflege\/wp-content\/uploads\/2019\/09\/654x300-blog-image-Old-People-Sports-7.jpg\",\"datePublished\":\"2019-09-30T07:00:50+00:00\",\"dateModified\":\"2023-05-19T11:00:51+00:00\",\"breadcrumb\":{\"@id\":\"https:\/\/www.lenstore.de\/augenpflege\/grauer-star-katarakt-was-ist-das\/#breadcrumb\"},\"inLanguage\":\"de\",\"potentialAction\":[{\"@type\":\"ReadAction\",\"target\":[\"https:\/\/www.lenstore.de\/augenpflege\/grauer-star-katarakt-was-ist-das\/\"]}]},{\"@type\":\"ImageObject\",\"inLanguage\":\"de\",\"@id\":\"https:\/\/www.lenstore.de\/augenpflege\/grauer-star-katarakt-was-ist-das\/#primaryimage\",\"url\":\"https:\/\/www.lenstore.de\/augenpflege\/wp-content\/uploads\/2019\/09\/654x300-blog-image-Old-People-Sports-7.jpg\",\"contentUrl\":\"https:\/\/www.lenstore.de\/augenpflege\/wp-content\/uploads\/2019\/09\/654x300-blog-image-Old-People-Sports-7.jpg\",\"width\":654,\"height\":300},{\"@type\":\"BreadcrumbList\",\"@id\":\"https:\/\/www.lenstore.de\/augenpflege\/grauer-star-katarakt-was-ist-das\/#breadcrumb\",\"itemListElement\":[{\"@type\":\"ListItem\",\"position\":1,\"name\":\"Home\",\"item\":\"https:\/\/www.lenstore.de\/augenpflege\/\"},{\"@type\":\"ListItem\",\"position\":2,\"name\":\"Grauer Star (Katarakt) &#8211; Was ist das?\"}]},{\"@type\":\"WebSite\",\"@id\":\"https:\/\/www.lenstore.de\/augenpflege\/#website\",\"url\":\"https:\/\/www.lenstore.de\/augenpflege\/\",\"name\":\"Lenstore\",\"description\":\"Linsenguide | Health | Lifestyle\",\"publisher\":{\"@id\":\"https:\/\/www.lenstore.de\/augenpflege\/#organization\"},\"potentialAction\":[{\"@type\":\"SearchAction\",\"target\":{\"@type\":\"EntryPoint\",\"urlTemplate\":\"https:\/\/www.lenstore.de\/augenpflege\/?s={search_term_string}\"},\"query-input\":{\"@type\":\"PropertyValueSpecification\",\"valueRequired\":true,\"valueName\":\"search_term_string\"}}],\"inLanguage\":\"de\"},{\"@type\":\"Organization\",\"@id\":\"https:\/\/www.lenstore.de\/#organization\",\"name\":\"Lenstore\",\"url\":\"https:\/\/www.lenstore.de\",\"logo\":\"https:\/\/www.lenstore.de\/png\/lenstore-logo.png\",\"image\":\"https:\/\/www.lenstore.de\/png\/lenstore-logo.png\",\"sameAs\":[\"https:\/\/x.com\/lenstorede\"],\"companyRegistration\":\"51990\",\"contactPoint\":{\"@type\":\"ContactPoint\",\"contactType\":\"customer service\",\"telephone\":\"02118 199 5170\",\"email\":\"kundenservice@lenstore.de\"}},{\"@type\":\"Person\",\"@id\":\"https:\/\/www.lenstore.de\/augenpflege\/#\/schema\/person\/312b0a1dffc0868167fd5d55d3682a02\",\"name\":\"Selina Pfitscher\",\"url\":\"https:\/\/www.lenstore.de\/augenpflege\/author\/selina\/\"}]}<\/script>\n<!-- \/ Yoast SEO plugin. -->","yoast_head_json":{"title":"Grauer Star (Katarakt) - Was ist das? - Lenstore","robots":{"index":"index","follow":"follow","max-snippet":"max-snippet:-1","max-image-preview":"max-image-preview:large","max-video-preview":"max-video-preview:-1"},"canonical":"https:\/\/www.lenstore.de\/augenpflege\/grauer-star-katarakt-was-ist-das\/","og_locale":"de_DE","og_type":"article","og_title":"Grauer Star (Katarakt) - Was ist das? - Lenstore","og_description":"Ursachen, Symptome und wie der Grauer Star behandelt werden kann, erkl\u00e4ren wir Ihnen hier.","og_url":"https:\/\/www.lenstore.de\/augenpflege\/grauer-star-katarakt-was-ist-das\/","og_site_name":"Lenstore","article_published_time":"2019-09-30T07:00:50+00:00","article_modified_time":"2023-05-19T11:00:51+00:00","og_image":[{"width":654,"height":300,"url":"https:\/\/www.lenstore.de\/augenpflege\/wp-content\/uploads\/2019\/09\/654x300-blog-image-Old-People-Sports-7.jpg","type":"image\/jpeg"}],"author":"Selina Pfitscher","twitter_card":"summary_large_image","twitter_creator":"@lenstorede","twitter_site":"@lenstorede","twitter_misc":{"Geschrieben von":"Selina Pfitscher","Gesch\u00e4tzte Lesezeit":"2\u00a0Minuten"},"schema":{"@context":"https:\/\/schema.org","@graph":[{"@type":"Article","@id":"https:\/\/www.lenstore.de\/augenpflege\/grauer-star-katarakt-was-ist-das\/#article","isPartOf":{"@id":"https:\/\/www.lenstore.de\/augenpflege\/grauer-star-katarakt-was-ist-das\/"},"author":{"name":"Selina Pfitscher","@id":"https:\/\/www.lenstore.de\/augenpflege\/#\/schema\/person\/312b0a1dffc0868167fd5d55d3682a02"},"headline":"Grauer Star (Katarakt) &#8211; Was ist das?","datePublished":"2019-09-30T07:00:50+00:00","dateModified":"2023-05-19T11:00:51+00:00","mainEntityOfPage":{"@id":"https:\/\/www.lenstore.de\/augenpflege\/grauer-star-katarakt-was-ist-das\/"},"wordCount":498,"publisher":{"@id":"https:\/\/www.lenstore.de\/augenpflege\/#organization"},"image":{"@id":"https:\/\/www.lenstore.de\/augenpflege\/grauer-star-katarakt-was-ist-das\/#primaryimage"},"thumbnailUrl":"https:\/\/www.lenstore.de\/augenpflege\/wp-content\/uploads\/2019\/09\/654x300-blog-image-Old-People-Sports-7.jpg","articleSection":["Augengesundheit","Fehlsichtigkeiten &amp; Augenerkrankungen"],"inLanguage":"de"},{"@type":"WebPage","@id":"https:\/\/www.lenstore.de\/augenpflege\/grauer-star-katarakt-was-ist-das\/","url":"https:\/\/www.lenstore.de\/augenpflege\/grauer-star-katarakt-was-ist-das\/","name":"Grauer Star (Katarakt) - Was ist das? - Lenstore","isPartOf":{"@id":"https:\/\/www.lenstore.de\/augenpflege\/#website"},"primaryImageOfPage":{"@id":"https:\/\/www.lenstore.de\/augenpflege\/grauer-star-katarakt-was-ist-das\/#primaryimage"},"image":{"@id":"https:\/\/www.lenstore.de\/augenpflege\/grauer-star-katarakt-was-ist-das\/#primaryimage"},"thumbnailUrl":"https:\/\/www.lenstore.de\/augenpflege\/wp-content\/uploads\/2019\/09\/654x300-blog-image-Old-People-Sports-7.jpg","datePublished":"2019-09-30T07:00:50+00:00","dateModified":"2023-05-19T11:00:51+00:00","breadcrumb":{"@id":"https:\/\/www.lenstore.de\/augenpflege\/grauer-star-katarakt-was-ist-das\/#breadcrumb"},"inLanguage":"de","potentialAction":[{"@type":"ReadAction","target":["https:\/\/www.lenstore.de\/augenpflege\/grauer-star-katarakt-was-ist-das\/"]}]},{"@type":"ImageObject","inLanguage":"de","@id":"https:\/\/www.lenstore.de\/augenpflege\/grauer-star-katarakt-was-ist-das\/#primaryimage","url":"https:\/\/www.lenstore.de\/augenpflege\/wp-content\/uploads\/2019\/09\/654x300-blog-image-Old-People-Sports-7.jpg","contentUrl":"https:\/\/www.lenstore.de\/augenpflege\/wp-content\/uploads\/2019\/09\/654x300-blog-image-Old-People-Sports-7.jpg","width":654,"height":300},{"@type":"BreadcrumbList","@id":"https:\/\/www.lenstore.de\/augenpflege\/grauer-star-katarakt-was-ist-das\/#breadcrumb","itemListElement":[{"@type":"ListItem","position":1,"name":"Home","item":"https:\/\/www.lenstore.de\/augenpflege\/"},{"@type":"ListItem","position":2,"name":"Grauer Star (Katarakt) &#8211; Was ist das?"}]},{"@type":"WebSite","@id":"https:\/\/www.lenstore.de\/augenpflege\/#website","url":"https:\/\/www.lenstore.de\/augenpflege\/","name":"Lenstore","description":"Linsenguide | Health | Lifestyle","publisher":{"@id":"https:\/\/www.lenstore.de\/augenpflege\/#organization"},"potentialAction":[{"@type":"SearchAction","target":{"@type":"EntryPoint","urlTemplate":"https:\/\/www.lenstore.de\/augenpflege\/?s={search_term_string}"},"query-input":{"@type":"PropertyValueSpecification","valueRequired":true,"valueName":"search_term_string"}}],"inLanguage":"de"},{"@type":"Organization","@id":"https:\/\/www.lenstore.de\/#organization","name":"Lenstore","url":"https:\/\/www.lenstore.de","logo":"https:\/\/www.lenstore.de\/png\/lenstore-logo.png","image":"https:\/\/www.lenstore.de\/png\/lenstore-logo.png","sameAs":["https:\/\/x.com\/lenstorede"],"companyRegistration":"51990","contactPoint":{"@type":"ContactPoint","contactType":"customer service","telephone":"02118 199 5170","email":"kundenservice@lenstore.de"}},{"@type":"Person","@id":"https:\/\/www.lenstore.de\/augenpflege\/#\/schema\/person\/312b0a1dffc0868167fd5d55d3682a02","name":"Selina Pfitscher","url":"https:\/\/www.lenstore.de\/augenpflege\/author\/selina\/"}]}},"order_on_store":null,"_links":{"self":[{"href":"https:\/\/www.lenstore.de\/augenpflege\/wp-json\/wp\/v2\/posts\/425","targetHints":{"allow":["GET"]}}],"collection":[{"href":"https:\/\/www.lenstore.de\/augenpflege\/wp-json\/wp\/v2\/posts"}],"about":[{"href":"https:\/\/www.lenstore.de\/augenpflege\/wp-json\/wp\/v2\/types\/post"}],"author":[{"embeddable":true,"href":"https:\/\/www.lenstore.de\/augenpflege\/wp-json\/wp\/v2\/users\/3"}],"replies":[{"embeddable":true,"href":"https:\/\/www.lenstore.de\/augenpflege\/wp-json\/wp\/v2\/comments?post=425"}],"version-history":[{"count":9,"href":"https:\/\/www.lenstore.de\/augenpflege\/wp-json\/wp\/v2\/posts\/425\/revisions"}],"predecessor-version":[{"id":2164,"href":"https:\/\/www.lenstore.de\/augenpflege\/wp-json\/wp\/v2\/posts\/425\/revisions\/2164"}],"wp:featuredmedia":[{"embeddable":true,"href":"https:\/\/www.lenstore.de\/augenpflege\/wp-json\/wp\/v2\/media\/426"}],"wp:attachment":[{"href":"https:\/\/www.lenstore.de\/augenpflege\/wp-json\/wp\/v2\/media?parent=425"}],"wp:term":[{"taxonomy":"category","embeddable":true,"href":"https:\/\/www.lenstore.de\/augenpflege\/wp-json\/wp\/v2\/categories?post=425"},{"taxonomy":"post_tag","embeddable":true,"href":"https:\/\/www.lenstore.de\/augenpflege\/wp-json\/wp\/v2\/tags?post=425"}],"curies":[{"name":"wp","href":"https:\/\/api.w.org\/{rel}","templated":true}]}}