{"id":31,"date":"2019-07-05T11:57:38","date_gmt":"2019-07-05T10:57:38","guid":{"rendered":"https:\/\/www.lenstore.de\/augenpflege\/?p=31"},"modified":"2022-02-23T17:26:00","modified_gmt":"2022-02-23T17:26:00","slug":"festival-ready","status":"publish","type":"post","link":"https:\/\/www.lenstore.de\/augenpflege\/festival-ready\/","title":{"rendered":"Festival-ready?"},"content":{"rendered":"\n<figure class=\"wp-block-image alignwide\"><img loading=\"lazy\" decoding=\"async\" width=\"654\" height=\"300\" src=\"https:\/\/www.lenstore.de\/augenpflege\/wp-content\/uploads\/2019\/08\/blog-image_02.png\" alt=\"\" class=\"wp-image-126\" srcset=\"https:\/\/www.lenstore.de\/augenpflege\/wp-content\/uploads\/2019\/08\/blog-image_02.png 654w, https:\/\/www.lenstore.de\/augenpflege\/wp-content\/uploads\/2019\/08\/blog-image_02-300x138.png 300w\" sizes=\"auto, (max-width: 654px) 100vw, 654px\" \/><\/figure>\n\n\n\n<p class=\"has-drop-cap\">Sonnenbrille und Gummistiefel gepackt? Bierkiste und Zelt im Kofferraum? Dann kann ja nichts mehr schiefgehen: Lollapallooza, Rock am Ring und Tomorrowland wir kommen! Auf Festivals kann es manchmal ganz sch\u00f6n richtig zur Sache gehen, deshalb ist es umso wichtiger, sich vor der Abreise gut zu organisieren und eine Liste von allen wichtigen Dingen, die nicht im Rucksack fehlen d\u00fcrfen, zu machen. Vor allem sollte man sich \u00fcberlegen, ob man die Brille mitnimmt oder <a href=\"https:\/\/www.lenstore.de\/b\/kontaktlinsen\">Kontaktlinsen<\/a> vielleicht doch die bessere Wahl sind. Mit unseren Tipps sollte absolut nichts mehr schief gehen! <\/p>\n\n\n\n<figure class=\"wp-block-image alignwide\"><img loading=\"lazy\" decoding=\"async\" width=\"654\" height=\"300\" src=\"https:\/\/www.lenstore.de\/augenpflege\/wp-content\/uploads\/2019\/08\/blog-image_03.png\" alt=\"\" class=\"wp-image-127\" srcset=\"https:\/\/www.lenstore.de\/augenpflege\/wp-content\/uploads\/2019\/08\/blog-image_03.png 654w, https:\/\/www.lenstore.de\/augenpflege\/wp-content\/uploads\/2019\/08\/blog-image_03-300x138.png 300w\" sizes=\"auto, (max-width: 654px) 100vw, 654px\" \/><\/figure>\n\n\n\n<p>Wenn man sich dazu entscheidet, Kontaktlinsen aufs Festival mitzunehmen \u2013 wahrscheinlich gar keine so schlechte Idee, da bei der Brille die Gefahr besteht, dass sie in den Matsch f\u00e4llt oder kaputt geht \u2013 gibt es ein paar Dinge, die man beachten sollte. F\u00fcr einen Festival-Besuch eignen sich am besten <a href=\"https:\/\/www.lenstore.de\/c\/tageslinsen\" data-type=\"URL\" data-id=\"https:\/\/www.lenstore.de\/c\/tageslinsen\">Tageslinsen<\/a>. Tageslinsen m\u00fcssen weder gereinigt noch aufbewahrt werden \u2013 etwas, das sich als nicht sehr einfach herausstellen kann, wenn man schon ein paar Bier intus hat und dabei in den meist nicht sehr hygienischen Dixi-Klos auf dem Festival-Gel\u00e4nde die Linsen reinigen muss. Um zu vermeiden, dass die Linsen in den Dreck fallen oder sich durch mangelnde Hygiene Bakterien auf den Linsen absetzen, sollte man besser zu Tageslinsen greifen. Diese k\u00f6nnen einfach am Ende des Tages in den M\u00fcll geworfen und am n\u00e4chsten Morgen ein frisches Paar eingesetzt werden. Trotzdem sollte man beachten, dass die H\u00e4nde sauber sind, wenn man die Linsen mit den Fingern einsetzt. Wie schon erw\u00e4hnt, sind die Hygiene-Bedingungen auf Festivals nicht die besten und ein Waschbecken zu finden ist gar nicht so einfach. Deswegen immer sicherstellen, dass der Hand-Sanitizer auf der Packliste steht. Damit kann man sich die H\u00e4nde desinfizieren, bevor man die Linsen in die Augen einsetzt. Zur Sicherheit immer einige Ersatzlinsen mitnehmen, falls welche beim Tragen verloren gehen oder auf den Boden fallen. Kontaktlinsen zu verlieren passiert schneller als man denkt. Damit man dann den Rest des Festivals nicht mit verschwommener Sicht verbringen und sich dabei \u00e4rgern muss, sollte man immer ein paar extra Linsen dabei haben. Wer Monats- oder <a href=\"https:\/\/www.lenstore.de\/c\/wochenlinsen\" data-type=\"URL\" data-id=\"https:\/\/www.lenstore.de\/c\/wochenlinsen\">Wochenlinsen<\/a> tr\u00e4gt, der sollte dem Optiker oder Augenarzt einen Besuch abstatten, um sich auf passende Tageslinsen anpassen zu lassen.<\/p>\n\n\n\n<figure class=\"wp-block-image alignwide\"><img loading=\"lazy\" decoding=\"async\" width=\"654\" height=\"300\" src=\"https:\/\/www.lenstore.de\/augenpflege\/wp-content\/uploads\/2019\/08\/blog-image_04.png\" alt=\"\" class=\"wp-image-128\" srcset=\"https:\/\/www.lenstore.de\/augenpflege\/wp-content\/uploads\/2019\/08\/blog-image_04.png 654w, https:\/\/www.lenstore.de\/augenpflege\/wp-content\/uploads\/2019\/08\/blog-image_04-300x138.png 300w\" sizes=\"auto, (max-width: 654px) 100vw, 654px\" \/><\/figure>\n\n\n\n<p>Neben der Sonnencreme darf au\u00dferdem auf keinen Fall die Sonnenbrille fehlen! Man kann n\u00e4mlich&nbsp; auch auf den Augen einen Sonnenbrand bekommen. Obwohl manche Kontaktlinsen UV-Schutz integrieren, reicht dieser nicht aus, um einen kompletten Sonnenschutz f\u00fcr die Augen zu garantieren. Deshalb immer zus\u00e4tzlich eine Sonnenbrille tragen. Daf\u00fcr muss es keine teure Designerbrille sein, sondern auch eine \u201ebillige\u201c Version reicht vollkommen aus \u2013 <a href=\"https:\/\/www.lenstore.de\/augenpflege\/schutzen-billige-sonnenbrillen-vor-der-sonne\/\">hier&nbsp;<\/a> kann man sich \u00fcber Billigsonnenbrillen schlau lesen. Au\u00dferdem ist es auch sehr, sehr wichtig gen\u00fcgend Wasser zu trinken. Wenn die Sonne runterknallt und man zu wenig Fl\u00fcssigkeit (Alkohol z\u00e4hlt nicht) zu sich nimmt, besteht die Gefahr, dass man dehydriert. Plus, die Augen trocknen bei zu wenig Fl\u00fcssigkeitszufuhr viel schneller aus. Wenn man generell trockene Augen hat, empfehlen wir Augentropfen, die man super einfach im Backpack oder der Tasche mitnehmen kann. Wir bieten <a rel=\"noreferrer noopener\" aria-label=\"hier (\u00f6ffnet in neuem Tab)\" href=\"https:\/\/www.lenstore.de\/c\/augentropfen\" target=\"_blank\">hier<\/a> eine Reihe von Augentropfen an. Sich vorher jedoch beim Optiker oder Augenarzt schlau machen, welche Tropfen f\u00fcr die eigenen Linsen und Augen geeignet sind. <\/p>\n\n\n\n<hr class=\"wp-block-separator\"\/>\n\n\n\n<p>Wenn man sich unsere Tipps zu Herzen nimmt und neben dem ganzen Bier, das nat\u00fcrlich auch sehr wichtig ist, nicht die Augen vergisst, sollte eigentlich nichts mehr schiefgehen. Und wenn man vielleicht doch auf einmal etwas verschwommen sieht, nicht gleich auf die Linsen schieben \u2013 es k\u00f6nnte gut sein, dass man ein bisschen \u00fcber den Durst getrunken hat und deswegen alle anderen auf einmal drei anstatt zwei Augen haben. <\/p>\n\n\n\n<figure class=\"wp-block-image alignwide\"><img loading=\"lazy\" decoding=\"async\" width=\"654\" height=\"300\" src=\"https:\/\/www.lenstore.de\/augenpflege\/wp-content\/uploads\/2019\/08\/blog-image_01.png\" alt=\"\" class=\"wp-image-130\" srcset=\"https:\/\/www.lenstore.de\/augenpflege\/wp-content\/uploads\/2019\/08\/blog-image_01.png 654w, https:\/\/www.lenstore.de\/augenpflege\/wp-content\/uploads\/2019\/08\/blog-image_01-300x138.png 300w\" sizes=\"auto, (max-width: 654px) 100vw, 654px\" \/><\/figure>\n","protected":false},"excerpt":{"rendered":"<p>Warum Tageslinsen f\u00fcr ein Festival-Wochenende besser geeignet sind und was Sie sonst noch bei einem Festival-Besuch beachten sollten.  <\/p>\n","protected":false},"author":3,"featured_media":126,"comment_status":"closed","ping_status":"closed","sticky":false,"template":"","format":"standard","meta":{"footnotes":""},"categories":[9],"tags":[],"class_list":["post-31","post","type-post","status-publish","format-standard","has-post-thumbnail","hentry","category-lifestyle"],"yoast_head":"<!-- This site is optimized with the Yoast SEO plugin v27.1.1 - https:\/\/yoast.com\/product\/yoast-seo-wordpress\/ -->\n<title>Festival-ready? - Lenstore<\/title>\n<meta name=\"robots\" content=\"index, follow, max-snippet:-1, max-image-preview:large, max-video-preview:-1\" \/>\n<link rel=\"canonical\" href=\"https:\/\/www.lenstore.de\/augenpflege\/festival-ready\/\" \/>\n<meta property=\"og:locale\" content=\"de_DE\" \/>\n<meta property=\"og:type\" content=\"article\" \/>\n<meta property=\"og:title\" content=\"Festival-ready? - Lenstore\" \/>\n<meta property=\"og:description\" content=\"Warum Tageslinsen f\u00fcr ein Festival-Wochenende besser geeignet sind und was Sie sonst noch bei einem Festival-Besuch beachten sollten.\" \/>\n<meta property=\"og:url\" content=\"https:\/\/www.lenstore.de\/augenpflege\/festival-ready\/\" \/>\n<meta property=\"og:site_name\" content=\"Lenstore\" \/>\n<meta property=\"article:published_time\" content=\"2019-07-05T10:57:38+00:00\" \/>\n<meta property=\"article:modified_time\" content=\"2022-02-23T17:26:00+00:00\" \/>\n<meta property=\"og:image\" content=\"https:\/\/www.lenstore.de\/augenpflege\/wp-content\/uploads\/2019\/08\/blog-image_02.png\" \/>\n\t<meta property=\"og:image:width\" content=\"654\" \/>\n\t<meta property=\"og:image:height\" content=\"300\" \/>\n\t<meta property=\"og:image:type\" content=\"image\/png\" \/>\n<meta name=\"author\" content=\"Selina Pfitscher\" \/>\n<meta name=\"twitter:card\" content=\"summary_large_image\" \/>\n<meta name=\"twitter:creator\" content=\"@lenstorede\" \/>\n<meta name=\"twitter:site\" content=\"@lenstorede\" \/>\n<meta name=\"twitter:label1\" content=\"Geschrieben von\" \/>\n\t<meta name=\"twitter:data1\" content=\"Selina Pfitscher\" \/>\n\t<meta name=\"twitter:label2\" content=\"Gesch\u00e4tzte Lesezeit\" \/>\n\t<meta name=\"twitter:data2\" content=\"3\u00a0Minuten\" \/>\n<script type=\"application\/ld+json\" class=\"yoast-schema-graph\">{\"@context\":\"https:\/\/schema.org\",\"@graph\":[{\"@type\":\"Article\",\"@id\":\"https:\/\/www.lenstore.de\/augenpflege\/festival-ready\/#article\",\"isPartOf\":{\"@id\":\"https:\/\/www.lenstore.de\/augenpflege\/festival-ready\/\"},\"author\":{\"name\":\"Selina Pfitscher\",\"@id\":\"https:\/\/www.lenstore.de\/augenpflege\/#\/schema\/person\/312b0a1dffc0868167fd5d55d3682a02\"},\"headline\":\"Festival-ready?\",\"datePublished\":\"2019-07-05T10:57:38+00:00\",\"dateModified\":\"2022-02-23T17:26:00+00:00\",\"mainEntityOfPage\":{\"@id\":\"https:\/\/www.lenstore.de\/augenpflege\/festival-ready\/\"},\"wordCount\":614,\"publisher\":{\"@id\":\"https:\/\/www.lenstore.de\/augenpflege\/#organization\"},\"image\":{\"@id\":\"https:\/\/www.lenstore.de\/augenpflege\/festival-ready\/#primaryimage\"},\"thumbnailUrl\":\"https:\/\/www.lenstore.de\/augenpflege\/wp-content\/uploads\/2019\/08\/blog-image_02.png\",\"articleSection\":[\"Lifestyle\"],\"inLanguage\":\"de\"},{\"@type\":\"WebPage\",\"@id\":\"https:\/\/www.lenstore.de\/augenpflege\/festival-ready\/\",\"url\":\"https:\/\/www.lenstore.de\/augenpflege\/festival-ready\/\",\"name\":\"Festival-ready? - Lenstore\",\"isPartOf\":{\"@id\":\"https:\/\/www.lenstore.de\/augenpflege\/#website\"},\"primaryImageOfPage\":{\"@id\":\"https:\/\/www.lenstore.de\/augenpflege\/festival-ready\/#primaryimage\"},\"image\":{\"@id\":\"https:\/\/www.lenstore.de\/augenpflege\/festival-ready\/#primaryimage\"},\"thumbnailUrl\":\"https:\/\/www.lenstore.de\/augenpflege\/wp-content\/uploads\/2019\/08\/blog-image_02.png\",\"datePublished\":\"2019-07-05T10:57:38+00:00\",\"dateModified\":\"2022-02-23T17:26:00+00:00\",\"breadcrumb\":{\"@id\":\"https:\/\/www.lenstore.de\/augenpflege\/festival-ready\/#breadcrumb\"},\"inLanguage\":\"de\",\"potentialAction\":[{\"@type\":\"ReadAction\",\"target\":[\"https:\/\/www.lenstore.de\/augenpflege\/festival-ready\/\"]}]},{\"@type\":\"ImageObject\",\"inLanguage\":\"de\",\"@id\":\"https:\/\/www.lenstore.de\/augenpflege\/festival-ready\/#primaryimage\",\"url\":\"https:\/\/www.lenstore.de\/augenpflege\/wp-content\/uploads\/2019\/08\/blog-image_02.png\",\"contentUrl\":\"https:\/\/www.lenstore.de\/augenpflege\/wp-content\/uploads\/2019\/08\/blog-image_02.png\",\"width\":654,\"height\":300},{\"@type\":\"BreadcrumbList\",\"@id\":\"https:\/\/www.lenstore.de\/augenpflege\/festival-ready\/#breadcrumb\",\"itemListElement\":[{\"@type\":\"ListItem\",\"position\":1,\"name\":\"Home\",\"item\":\"https:\/\/www.lenstore.de\/augenpflege\/\"},{\"@type\":\"ListItem\",\"position\":2,\"name\":\"Festival-ready?\"}]},{\"@type\":\"WebSite\",\"@id\":\"https:\/\/www.lenstore.de\/augenpflege\/#website\",\"url\":\"https:\/\/www.lenstore.de\/augenpflege\/\",\"name\":\"Lenstore\",\"description\":\"Linsenguide | Health | Lifestyle\",\"publisher\":{\"@id\":\"https:\/\/www.lenstore.de\/augenpflege\/#organization\"},\"potentialAction\":[{\"@type\":\"SearchAction\",\"target\":{\"@type\":\"EntryPoint\",\"urlTemplate\":\"https:\/\/www.lenstore.de\/augenpflege\/?s={search_term_string}\"},\"query-input\":{\"@type\":\"PropertyValueSpecification\",\"valueRequired\":true,\"valueName\":\"search_term_string\"}}],\"inLanguage\":\"de\"},{\"@type\":\"Organization\",\"@id\":\"https:\/\/www.lenstore.de\/#organization\",\"name\":\"Lenstore\",\"url\":\"https:\/\/www.lenstore.de\",\"logo\":\"https:\/\/www.lenstore.de\/png\/lenstore-logo.png\",\"image\":\"https:\/\/www.lenstore.de\/png\/lenstore-logo.png\",\"sameAs\":[\"https:\/\/x.com\/lenstorede\"],\"companyRegistration\":\"51990\",\"contactPoint\":{\"@type\":\"ContactPoint\",\"contactType\":\"customer service\",\"telephone\":\"02118 199 5170\",\"email\":\"kundenservice@lenstore.de\"}},{\"@type\":\"Person\",\"@id\":\"https:\/\/www.lenstore.de\/augenpflege\/#\/schema\/person\/312b0a1dffc0868167fd5d55d3682a02\",\"name\":\"Selina Pfitscher\",\"url\":\"https:\/\/www.lenstore.de\/augenpflege\/author\/selina\/\"}]}<\/script>\n<!-- \/ Yoast SEO plugin. -->","yoast_head_json":{"title":"Festival-ready? - Lenstore","robots":{"index":"index","follow":"follow","max-snippet":"max-snippet:-1","max-image-preview":"max-image-preview:large","max-video-preview":"max-video-preview:-1"},"canonical":"https:\/\/www.lenstore.de\/augenpflege\/festival-ready\/","og_locale":"de_DE","og_type":"article","og_title":"Festival-ready? - Lenstore","og_description":"Warum Tageslinsen f\u00fcr ein Festival-Wochenende besser geeignet sind und was Sie sonst noch bei einem Festival-Besuch beachten sollten.","og_url":"https:\/\/www.lenstore.de\/augenpflege\/festival-ready\/","og_site_name":"Lenstore","article_published_time":"2019-07-05T10:57:38+00:00","article_modified_time":"2022-02-23T17:26:00+00:00","og_image":[{"width":654,"height":300,"url":"https:\/\/www.lenstore.de\/augenpflege\/wp-content\/uploads\/2019\/08\/blog-image_02.png","type":"image\/png"}],"author":"Selina Pfitscher","twitter_card":"summary_large_image","twitter_creator":"@lenstorede","twitter_site":"@lenstorede","twitter_misc":{"Geschrieben von":"Selina Pfitscher","Gesch\u00e4tzte Lesezeit":"3\u00a0Minuten"},"schema":{"@context":"https:\/\/schema.org","@graph":[{"@type":"Article","@id":"https:\/\/www.lenstore.de\/augenpflege\/festival-ready\/#article","isPartOf":{"@id":"https:\/\/www.lenstore.de\/augenpflege\/festival-ready\/"},"author":{"name":"Selina Pfitscher","@id":"https:\/\/www.lenstore.de\/augenpflege\/#\/schema\/person\/312b0a1dffc0868167fd5d55d3682a02"},"headline":"Festival-ready?","datePublished":"2019-07-05T10:57:38+00:00","dateModified":"2022-02-23T17:26:00+00:00","mainEntityOfPage":{"@id":"https:\/\/www.lenstore.de\/augenpflege\/festival-ready\/"},"wordCount":614,"publisher":{"@id":"https:\/\/www.lenstore.de\/augenpflege\/#organization"},"image":{"@id":"https:\/\/www.lenstore.de\/augenpflege\/festival-ready\/#primaryimage"},"thumbnailUrl":"https:\/\/www.lenstore.de\/augenpflege\/wp-content\/uploads\/2019\/08\/blog-image_02.png","articleSection":["Lifestyle"],"inLanguage":"de"},{"@type":"WebPage","@id":"https:\/\/www.lenstore.de\/augenpflege\/festival-ready\/","url":"https:\/\/www.lenstore.de\/augenpflege\/festival-ready\/","name":"Festival-ready? - Lenstore","isPartOf":{"@id":"https:\/\/www.lenstore.de\/augenpflege\/#website"},"primaryImageOfPage":{"@id":"https:\/\/www.lenstore.de\/augenpflege\/festival-ready\/#primaryimage"},"image":{"@id":"https:\/\/www.lenstore.de\/augenpflege\/festival-ready\/#primaryimage"},"thumbnailUrl":"https:\/\/www.lenstore.de\/augenpflege\/wp-content\/uploads\/2019\/08\/blog-image_02.png","datePublished":"2019-07-05T10:57:38+00:00","dateModified":"2022-02-23T17:26:00+00:00","breadcrumb":{"@id":"https:\/\/www.lenstore.de\/augenpflege\/festival-ready\/#breadcrumb"},"inLanguage":"de","potentialAction":[{"@type":"ReadAction","target":["https:\/\/www.lenstore.de\/augenpflege\/festival-ready\/"]}]},{"@type":"ImageObject","inLanguage":"de","@id":"https:\/\/www.lenstore.de\/augenpflege\/festival-ready\/#primaryimage","url":"https:\/\/www.lenstore.de\/augenpflege\/wp-content\/uploads\/2019\/08\/blog-image_02.png","contentUrl":"https:\/\/www.lenstore.de\/augenpflege\/wp-content\/uploads\/2019\/08\/blog-image_02.png","width":654,"height":300},{"@type":"BreadcrumbList","@id":"https:\/\/www.lenstore.de\/augenpflege\/festival-ready\/#breadcrumb","itemListElement":[{"@type":"ListItem","position":1,"name":"Home","item":"https:\/\/www.lenstore.de\/augenpflege\/"},{"@type":"ListItem","position":2,"name":"Festival-ready?"}]},{"@type":"WebSite","@id":"https:\/\/www.lenstore.de\/augenpflege\/#website","url":"https:\/\/www.lenstore.de\/augenpflege\/","name":"Lenstore","description":"Linsenguide | Health | Lifestyle","publisher":{"@id":"https:\/\/www.lenstore.de\/augenpflege\/#organization"},"potentialAction":[{"@type":"SearchAction","target":{"@type":"EntryPoint","urlTemplate":"https:\/\/www.lenstore.de\/augenpflege\/?s={search_term_string}"},"query-input":{"@type":"PropertyValueSpecification","valueRequired":true,"valueName":"search_term_string"}}],"inLanguage":"de"},{"@type":"Organization","@id":"https:\/\/www.lenstore.de\/#organization","name":"Lenstore","url":"https:\/\/www.lenstore.de","logo":"https:\/\/www.lenstore.de\/png\/lenstore-logo.png","image":"https:\/\/www.lenstore.de\/png\/lenstore-logo.png","sameAs":["https:\/\/x.com\/lenstorede"],"companyRegistration":"51990","contactPoint":{"@type":"ContactPoint","contactType":"customer service","telephone":"02118 199 5170","email":"kundenservice@lenstore.de"}},{"@type":"Person","@id":"https:\/\/www.lenstore.de\/augenpflege\/#\/schema\/person\/312b0a1dffc0868167fd5d55d3682a02","name":"Selina Pfitscher","url":"https:\/\/www.lenstore.de\/augenpflege\/author\/selina\/"}]}},"order_on_store":null,"_links":{"self":[{"href":"https:\/\/www.lenstore.de\/augenpflege\/wp-json\/wp\/v2\/posts\/31","targetHints":{"allow":["GET"]}}],"collection":[{"href":"https:\/\/www.lenstore.de\/augenpflege\/wp-json\/wp\/v2\/posts"}],"about":[{"href":"https:\/\/www.lenstore.de\/augenpflege\/wp-json\/wp\/v2\/types\/post"}],"author":[{"embeddable":true,"href":"https:\/\/www.lenstore.de\/augenpflege\/wp-json\/wp\/v2\/users\/3"}],"replies":[{"embeddable":true,"href":"https:\/\/www.lenstore.de\/augenpflege\/wp-json\/wp\/v2\/comments?post=31"}],"version-history":[{"count":18,"href":"https:\/\/www.lenstore.de\/augenpflege\/wp-json\/wp\/v2\/posts\/31\/revisions"}],"predecessor-version":[{"id":1917,"href":"https:\/\/www.lenstore.de\/augenpflege\/wp-json\/wp\/v2\/posts\/31\/revisions\/1917"}],"wp:featuredmedia":[{"embeddable":true,"href":"https:\/\/www.lenstore.de\/augenpflege\/wp-json\/wp\/v2\/media\/126"}],"wp:attachment":[{"href":"https:\/\/www.lenstore.de\/augenpflege\/wp-json\/wp\/v2\/media?parent=31"}],"wp:term":[{"taxonomy":"category","embeddable":true,"href":"https:\/\/www.lenstore.de\/augenpflege\/wp-json\/wp\/v2\/categories?post=31"},{"taxonomy":"post_tag","embeddable":true,"href":"https:\/\/www.lenstore.de\/augenpflege\/wp-json\/wp\/v2\/tags?post=31"}],"curies":[{"name":"wp","href":"https:\/\/api.w.org\/{rel}","templated":true}]}}